{"id":7303,"date":"2026-04-30T07:42:23","date_gmt":"2026-04-30T13:42:23","guid":{"rendered":"https:\/\/maristacostarica.org\/home\/?p=7303"},"modified":"2026-04-30T07:44:23","modified_gmt":"2026-04-30T13:44:23","slug":"navs-movimiento-juvenil-%f0%9f%93%9a-%e2%93%9c%ef%b8%8f%e2%9d%a4%ef%b8%8f","status":"publish","type":"post","link":"https:\/\/maristacostarica.org\/home\/navs-movimiento-juvenil-%f0%9f%93%9a-%e2%93%9c%ef%b8%8f%e2%9d%a4%ef%b8%8f\/","title":{"rendered":"\u00a1NAV\u00b4S MOVIMIENTO JUVENIL \ud83d\udcda!  \u24c2\ufe0f\u2764\ufe0f"},"content":{"rendered":"\t\t<div data-elementor-type=\"wp-post\" data-elementor-id=\"7303\" class=\"elementor elementor-7303\" data-elementor-post-type=\"post\">\n\t\t\t\t\t\t<section class=\"elementor-section elementor-top-section elementor-element elementor-element-f22d0ba elementor-section-boxed elementor-section-height-default elementor-section-height-default\" data-id=\"f22d0ba\" data-element_type=\"section\" data-e-type=\"section\">\n\t\t\t\t\t\t<div class=\"elementor-container elementor-column-gap-default\">\n\t\t\t\t\t<div class=\"elementor-column elementor-col-100 elementor-top-column elementor-element elementor-element-b03614e\" data-id=\"b03614e\" data-element_type=\"column\" data-e-type=\"column\">\n\t\t\t<div class=\"elementor-widget-wrap elementor-element-populated\">\n\t\t\t\t\t\t<div class=\"elementor-element elementor-element-829de44 elementor-widget elementor-widget-text-editor\" data-id=\"829de44\" data-element_type=\"widget\" data-e-type=\"widget\" data-widget_type=\"text-editor.default\">\n\t\t\t\t<div class=\"elementor-widget-container\">\n\t\t\t\t\t\t\t\t\t<p>El Movimiento Juvenil NAVS vivi\u00f3 su primera salida de contacto solidario del 2026, visitando el Hogar del Adulto Mayor Madre Berta en Heredia. <br \/><br \/>Una experiencia llena de empat\u00eda, cercan\u00eda y alegr\u00eda, donde cada encuentro se convirti\u00f3 en una oportunidad para compartir, escuchar y brindar cari\u00f1o. \u2764\ufe0f Nuestros j\u00f3venes vivieron un liderazgo sensible y amoroso, reflejo de los procesos maristas que realmente tocan el coraz\u00f3n. \u303d\ud83d\udc9c<br \/><br \/>Inspirados en el carisma de Champagnat, seguimos caminando con sencillez, presencia y esp\u00edritu de familia, respondiendo con generosidad a quienes m\u00e1s lo necesitan.<br \/><br \/>\ud83d\ude09Este a\u00f1o, el llamado es claro: \u00a1Salta con Audacia! \u2728 Un lema que nos impulsa a salir al encuentro del otro con valent\u00eda, amor y compromiso, haciendo de cada gesto solidario una huella que transforma vidas.\ud83c\udf31<\/p>\t\t\t\t\t\t\t\t<\/div>\n\t\t\t\t<\/div>\n\t\t\t\t\t<\/div>\n\t\t<\/div>\n\t\t\t\t\t<\/div>\n\t\t<\/section>\n\t\t\t\t<section class=\"elementor-section elementor-top-section elementor-element elementor-element-040215e elementor-section-boxed elementor-section-height-default elementor-section-height-default\" data-id=\"040215e\" data-element_type=\"section\" data-e-type=\"section\">\n\t\t\t\t\t\t<div class=\"elementor-container elementor-column-gap-default\">\n\t\t\t\t\t<div class=\"elementor-column elementor-col-100 elementor-top-column elementor-element elementor-element-d43c24b\" data-id=\"d43c24b\" data-element_type=\"column\" data-e-type=\"column\">\n\t\t\t<div class=\"elementor-widget-wrap elementor-element-populated\">\n\t\t\t\t\t\t<div class=\"elementor-element elementor-element-2724f3c elementor-align-center elementor-widget elementor-widget-button\" data-id=\"2724f3c\" data-element_type=\"widget\" data-e-type=\"widget\" data-widget_type=\"button.default\">\n\t\t\t\t<div class=\"elementor-widget-container\">\n\t\t\t\t\t\t\t\t\t<div class=\"elementor-button-wrapper\">\n\t\t\t\t\t<a class=\"elementor-button elementor-button-link elementor-size-sm\" href=\"https:\/\/flic.kr\/s\/aHBqjCSrFN\">\n\t\t\t\t\t\t<span class=\"elementor-button-content-wrapper\">\n\t\t\t\t\t\t\t\t\t<span class=\"elementor-button-text\">Fotograf\u00edas<\/span>\n\t\t\t\t\t<\/span>\n\t\t\t\t\t<\/a>\n\t\t\t\t<\/div>\n\t\t\t\t\t\t\t\t<\/div>\n\t\t\t\t<\/div>\n\t\t\t\t\t<\/div>\n\t\t<\/div>\n\t\t\t\t\t<\/div>\n\t\t<\/section>\n\t\t\t\t<\/div>\n\t\t","protected":false},"excerpt":{"rendered":"<p>Visita al Hogar de Ancianos Madre Berta, en Heredia.. \u2728\u2764\ufe0f \u24c2\ufe0f<\/p>\n","protected":false},"author":5,"featured_media":7306,"comment_status":"closed","ping_status":"closed","sticky":false,"template":"","format":"standard","meta":{"_monsterinsights_skip_tracking":false,"_monsterinsights_sitenote_active":false,"_monsterinsights_sitenote_note":"","_monsterinsights_sitenote_category":0,"footnotes":""},"categories":[9],"tags":[],"class_list":["post-7303","post","type-post","status-publish","format-standard","has-post-thumbnail","hentry","category-noticias"],"_links":{"self":[{"href":"https:\/\/maristacostarica.org\/home\/wp-json\/wp\/v2\/posts\/7303","targetHints":{"allow":["GET"]}}],"collection":[{"href":"https:\/\/maristacostarica.org\/home\/wp-json\/wp\/v2\/posts"}],"about":[{"href":"https:\/\/maristacostarica.org\/home\/wp-json\/wp\/v2\/types\/post"}],"author":[{"embeddable":true,"href":"https:\/\/maristacostarica.org\/home\/wp-json\/wp\/v2\/users\/5"}],"replies":[{"embeddable":true,"href":"https:\/\/maristacostarica.org\/home\/wp-json\/wp\/v2\/comments?post=7303"}],"version-history":[{"count":5,"href":"https:\/\/maristacostarica.org\/home\/wp-json\/wp\/v2\/posts\/7303\/revisions"}],"predecessor-version":[{"id":7309,"href":"https:\/\/maristacostarica.org\/home\/wp-json\/wp\/v2\/posts\/7303\/revisions\/7309"}],"wp:featuredmedia":[{"embeddable":true,"href":"https:\/\/maristacostarica.org\/home\/wp-json\/wp\/v2\/media\/7306"}],"wp:attachment":[{"href":"https:\/\/maristacostarica.org\/home\/wp-json\/wp\/v2\/media?parent=7303"}],"wp:term":[{"taxonomy":"category","embeddable":true,"href":"https:\/\/maristacostarica.org\/home\/wp-json\/wp\/v2\/categories?post=7303"},{"taxonomy":"post_tag","embeddable":true,"href":"https:\/\/maristacostarica.org\/home\/wp-json\/wp\/v2\/tags?post=7303"}],"curies":[{"name":"wp","href":"https:\/\/api.w.org\/{rel}","templated":true}]}}