{"id":7136,"date":"2025-11-14T08:40:32","date_gmt":"2025-11-14T14:40:32","guid":{"rendered":"https:\/\/maristacostarica.org\/home\/?p=7136"},"modified":"2025-11-14T08:41:58","modified_gmt":"2025-11-14T14:41:58","slug":"eucaristia-accion-de-gracias-%e2%93%9c%ef%b8%8f%e2%9d%a4%ef%b8%8f","status":"publish","type":"post","link":"https:\/\/maristacostarica.org\/home\/eucaristia-accion-de-gracias-%e2%93%9c%ef%b8%8f%e2%9d%a4%ef%b8%8f\/","title":{"rendered":"\u00a1Eucarist\u00eda Acci\u00f3n de Gracias!  \u24c2\ufe0f\u2764\ufe0f"},"content":{"rendered":"\t\t<div data-elementor-type=\"wp-post\" data-elementor-id=\"7136\" class=\"elementor elementor-7136\" data-elementor-post-type=\"post\">\n\t\t\t\t\t\t<section class=\"elementor-section elementor-top-section elementor-element elementor-element-f22d0ba elementor-section-boxed elementor-section-height-default elementor-section-height-default\" data-id=\"f22d0ba\" data-element_type=\"section\" data-e-type=\"section\">\n\t\t\t\t\t\t<div class=\"elementor-container elementor-column-gap-default\">\n\t\t\t\t\t<div class=\"elementor-column elementor-col-100 elementor-top-column elementor-element elementor-element-b03614e\" data-id=\"b03614e\" data-element_type=\"column\" data-e-type=\"column\">\n\t\t\t<div class=\"elementor-widget-wrap elementor-element-populated\">\n\t\t\t\t\t\t<div class=\"elementor-element elementor-element-829de44 elementor-widget elementor-widget-text-editor\" data-id=\"829de44\" data-element_type=\"widget\" data-e-type=\"widget\" data-widget_type=\"text-editor.default\">\n\t\t\t\t<div class=\"elementor-widget-container\">\n\t\t\t\t\t\t\t\t\t<p>Con un coraz\u00f3n lleno de gratitud, nos reunimos hoy como Familia Marista, para poner en manos de Dios, San Marcelino Champagnat y de la Buena Madre todo lo vivido y aprendido durante este a\u00f1o 2025. \ud83d\ude4f\ud83d\udc99<br \/><br \/>\ud83d\ude4cDamos gracias a Dios por cada experiencia vivida y compartida, por el esfuerzo de nuestros estudiantes, familias y personal docente y administrativo. Agradecemos la gu\u00eda espiritual del Sacerdote Redentorista Helberth Guevara, quien presidi\u00f3 con alegr\u00eda esta celebraci\u00f3n.<br \/><br \/>\u2764Durante la Eucarist\u00eda, vivimos momentos muy especiales: la emotiva entrega del reconocimiento al Marista Distinguido 2025, otorgado al estudiante de la Generaci\u00f3n 55, Jorge Berger Carmona \ud83c\udf1f; la entrega del estandarte a la Generaci\u00f3n 56, s\u00edmbolo del compromiso y liderazgo que contin\u00faa; y la despedida de la profesora Isabel Rojas, quien inicia una nueva etapa tras a\u00f1os de entrega y amor en la misi\u00f3n educativa marista. \ud83d\udc90<br \/><br \/>\ud83e\udd17Gracias a todos por ser parte de esta gran Familia Marista, que crece, aprende y celebra unida bajo el lema: \u00a1Todo a Jes\u00fas por Mar\u00eda, todo a Mar\u00eda para Jes\u00fas! \ud83d\udcab<\/p>\t\t\t\t\t\t\t\t<\/div>\n\t\t\t\t<\/div>\n\t\t\t\t\t<\/div>\n\t\t<\/div>\n\t\t\t\t\t<\/div>\n\t\t<\/section>\n\t\t\t\t<section class=\"elementor-section elementor-top-section elementor-element elementor-element-f1394c5 elementor-section-boxed elementor-section-height-default elementor-section-height-default\" data-id=\"f1394c5\" data-element_type=\"section\" data-e-type=\"section\">\n\t\t\t\t\t\t<div class=\"elementor-container elementor-column-gap-default\">\n\t\t\t\t\t<div class=\"elementor-column elementor-col-100 elementor-top-column elementor-element elementor-element-5346aae\" data-id=\"5346aae\" data-element_type=\"column\" data-e-type=\"column\">\n\t\t\t<div class=\"elementor-widget-wrap elementor-element-populated\">\n\t\t\t\t\t\t<div class=\"elementor-element elementor-element-21fe910 elementor-align-center elementor-widget elementor-widget-button\" data-id=\"21fe910\" data-element_type=\"widget\" data-e-type=\"widget\" data-widget_type=\"button.default\">\n\t\t\t\t<div class=\"elementor-widget-container\">\n\t\t\t\t\t\t\t\t\t<div class=\"elementor-button-wrapper\">\n\t\t\t\t\t<a class=\"elementor-button elementor-button-link elementor-size-sm\" href=\"https:\/\/flic.kr\/s\/aHBqjCAFsB%20\">\n\t\t\t\t\t\t<span class=\"elementor-button-content-wrapper\">\n\t\t\t\t\t\t\t\t\t<span class=\"elementor-button-text\">Fotograf\u00edas <\/span>\n\t\t\t\t\t<\/span>\n\t\t\t\t\t<\/a>\n\t\t\t\t<\/div>\n\t\t\t\t\t\t\t\t<\/div>\n\t\t\t\t<\/div>\n\t\t\t\t\t<\/div>\n\t\t<\/div>\n\t\t\t\t\t<\/div>\n\t\t<\/section>\n\t\t\t\t<\/div>\n\t\t","protected":false},"excerpt":{"rendered":"<p>La Entrega de la Generaci\u00f3n 55\u2764\ufe0f \u24c2\ufe0f<br \/>\nMarista destacado\u2764\ufe0f \u24c2\ufe0f<br \/>\nLa entrega del estandarte a la Generaci\u00f3n 56 \u2764\ufe0f \u24c2\ufe0f<br \/>\nDespedida de la Profesora Isabel Rojas \u2764\ufe0f \u24c2\ufe0f<\/p>\n","protected":false},"author":5,"featured_media":7137,"comment_status":"closed","ping_status":"closed","sticky":false,"template":"","format":"standard","meta":{"_monsterinsights_skip_tracking":false,"_monsterinsights_sitenote_active":false,"_monsterinsights_sitenote_note":"","_monsterinsights_sitenote_category":0,"footnotes":""},"categories":[9],"tags":[],"class_list":["post-7136","post","type-post","status-publish","format-standard","has-post-thumbnail","hentry","category-noticias"],"_links":{"self":[{"href":"https:\/\/maristacostarica.org\/home\/wp-json\/wp\/v2\/posts\/7136","targetHints":{"allow":["GET"]}}],"collection":[{"href":"https:\/\/maristacostarica.org\/home\/wp-json\/wp\/v2\/posts"}],"about":[{"href":"https:\/\/maristacostarica.org\/home\/wp-json\/wp\/v2\/types\/post"}],"author":[{"embeddable":true,"href":"https:\/\/maristacostarica.org\/home\/wp-json\/wp\/v2\/users\/5"}],"replies":[{"embeddable":true,"href":"https:\/\/maristacostarica.org\/home\/wp-json\/wp\/v2\/comments?post=7136"}],"version-history":[{"count":5,"href":"https:\/\/maristacostarica.org\/home\/wp-json\/wp\/v2\/posts\/7136\/revisions"}],"predecessor-version":[{"id":7142,"href":"https:\/\/maristacostarica.org\/home\/wp-json\/wp\/v2\/posts\/7136\/revisions\/7142"}],"wp:featuredmedia":[{"embeddable":true,"href":"https:\/\/maristacostarica.org\/home\/wp-json\/wp\/v2\/media\/7137"}],"wp:attachment":[{"href":"https:\/\/maristacostarica.org\/home\/wp-json\/wp\/v2\/media?parent=7136"}],"wp:term":[{"taxonomy":"category","embeddable":true,"href":"https:\/\/maristacostarica.org\/home\/wp-json\/wp\/v2\/categories?post=7136"},{"taxonomy":"post_tag","embeddable":true,"href":"https:\/\/maristacostarica.org\/home\/wp-json\/wp\/v2\/tags?post=7136"}],"curies":[{"name":"wp","href":"https:\/\/api.w.org\/{rel}","templated":true}]}}