{"id":7102,"date":"2025-11-10T08:09:25","date_gmt":"2025-11-10T14:09:25","guid":{"rendered":"https:\/\/maristacostarica.org\/home\/?p=7102"},"modified":"2025-11-10T09:33:09","modified_gmt":"2025-11-10T15:33:09","slug":"maristas-destacados-%e2%93%9c%ef%b8%8f%e2%9d%a4%ef%b8%8f-4","status":"publish","type":"post","link":"https:\/\/maristacostarica.org\/home\/maristas-destacados-%e2%93%9c%ef%b8%8f%e2%9d%a4%ef%b8%8f-4\/","title":{"rendered":"\u00a1Amigos en Marcha!  \u24c2\ufe0f\u2764\ufe0f"},"content":{"rendered":"\t\t<div data-elementor-type=\"wp-post\" data-elementor-id=\"7102\" class=\"elementor elementor-7102\" data-elementor-post-type=\"post\">\n\t\t\t\t\t\t<section class=\"elementor-section elementor-top-section elementor-element elementor-element-f22d0ba elementor-section-boxed elementor-section-height-default elementor-section-height-default\" data-id=\"f22d0ba\" data-element_type=\"section\" data-e-type=\"section\">\n\t\t\t\t\t\t<div class=\"elementor-container elementor-column-gap-default\">\n\t\t\t\t\t<div class=\"elementor-column elementor-col-100 elementor-top-column elementor-element elementor-element-b03614e\" data-id=\"b03614e\" data-element_type=\"column\" data-e-type=\"column\">\n\t\t\t<div class=\"elementor-widget-wrap elementor-element-populated\">\n\t\t\t\t\t\t<div class=\"elementor-element elementor-element-829de44 elementor-widget elementor-widget-text-editor\" data-id=\"829de44\" data-element_type=\"widget\" data-e-type=\"widget\" data-widget_type=\"text-editor.default\">\n\t\t\t\t<div class=\"elementor-widget-container\">\n\t\t\t\t\t\t\t\t\t<p>Una acampada que toc\u00f3 corazones! <br \/><br \/>Este viernes 24 de octubre, nuestros ni\u00f1os y ni\u00f1as del movimiento Amigos en Marcha vivieron una experiencia de celebraci\u00f3n y cierre del proceso 2025, \ud83c\udfd5\ufe0f\ud83c\udf1fen la Acampada Marista. Rodeados de \ud83c\udf33naturaleza, \ud83c\udfb2juegos, \ud83c\udfb6cantos, \ud83d\ude4fmomentos de reflexi\u00f3n y oraci\u00f3n, donde descubrimos que Jes\u00fas \ud83d\udeb6\u200d\u2642\ufe0f\ud83d\udc96camina con nosotros, se \ud83d\ude04alegra con nuestras risas y nos invita a vivir desde la amistad genuina, sencilla y amorosa. \ud83e\udd1d\ud83d\udc9b<br \/><br \/>\ud83d\ude4fGracias, Se\u00f1or, por regalarnos este espacio de encuentro contigo y con nuestros \ud83e\udd17amigos. Gracias a cada uno de los gu\u00edas, profesores y familias \ud83d\udc4f\ud83d\udc68\u200d\ud83d\udc69\u200d\ud83d\udc67\u200d\ud83d\udc66 que hicieron posible este encuentro. <br \/><br \/>\ud83d\udc99\u00a1Maristas con coraz\u00f3n abierto, sigamos siendo Amigos en Marcha!\ud83d\udeb6\u200d\u2640\ufe0f\ud83d\udeb6\u200d\u2642\ufe0f\ud83d\udc63<\/p>\t\t\t\t\t\t\t\t<\/div>\n\t\t\t\t<\/div>\n\t\t\t\t\t<\/div>\n\t\t<\/div>\n\t\t\t\t\t<\/div>\n\t\t<\/section>\n\t\t\t\t<section class=\"elementor-section elementor-top-section elementor-element elementor-element-f1394c5 elementor-section-boxed elementor-section-height-default elementor-section-height-default\" data-id=\"f1394c5\" data-element_type=\"section\" data-e-type=\"section\">\n\t\t\t\t\t\t<div class=\"elementor-container elementor-column-gap-default\">\n\t\t\t\t\t<div class=\"elementor-column elementor-col-100 elementor-top-column elementor-element elementor-element-5346aae\" data-id=\"5346aae\" data-element_type=\"column\" data-e-type=\"column\">\n\t\t\t<div class=\"elementor-widget-wrap elementor-element-populated\">\n\t\t\t\t\t\t<div class=\"elementor-element elementor-element-21fe910 elementor-align-center elementor-widget elementor-widget-button\" data-id=\"21fe910\" data-element_type=\"widget\" data-e-type=\"widget\" data-widget_type=\"button.default\">\n\t\t\t\t<div class=\"elementor-widget-container\">\n\t\t\t\t\t\t\t\t\t<div class=\"elementor-button-wrapper\">\n\t\t\t\t\t<a class=\"elementor-button elementor-button-link elementor-size-sm\" href=\"https:\/\/flic.kr\/s\/aHBqjCAd24\">\n\t\t\t\t\t\t<span class=\"elementor-button-content-wrapper\">\n\t\t\t\t\t\t\t\t\t<span class=\"elementor-button-text\">Fotograf\u00edas <\/span>\n\t\t\t\t\t<\/span>\n\t\t\t\t\t<\/a>\n\t\t\t\t<\/div>\n\t\t\t\t\t\t\t\t<\/div>\n\t\t\t\t<\/div>\n\t\t\t\t\t<\/div>\n\t\t<\/div>\n\t\t\t\t\t<\/div>\n\t\t<\/section>\n\t\t\t\t<\/div>\n\t\t","protected":false},"excerpt":{"rendered":"<p>Compartiendo en Familia  \u2764\ufe0f \u24c2\ufe0f<\/p>\n","protected":false},"author":5,"featured_media":7109,"comment_status":"closed","ping_status":"closed","sticky":false,"template":"","format":"standard","meta":{"_monsterinsights_skip_tracking":false,"_monsterinsights_sitenote_active":false,"_monsterinsights_sitenote_note":"","_monsterinsights_sitenote_category":0,"footnotes":""},"categories":[9],"tags":[],"class_list":["post-7102","post","type-post","status-publish","format-standard","has-post-thumbnail","hentry","category-noticias"],"_links":{"self":[{"href":"https:\/\/maristacostarica.org\/home\/wp-json\/wp\/v2\/posts\/7102","targetHints":{"allow":["GET"]}}],"collection":[{"href":"https:\/\/maristacostarica.org\/home\/wp-json\/wp\/v2\/posts"}],"about":[{"href":"https:\/\/maristacostarica.org\/home\/wp-json\/wp\/v2\/types\/post"}],"author":[{"embeddable":true,"href":"https:\/\/maristacostarica.org\/home\/wp-json\/wp\/v2\/users\/5"}],"replies":[{"embeddable":true,"href":"https:\/\/maristacostarica.org\/home\/wp-json\/wp\/v2\/comments?post=7102"}],"version-history":[{"count":12,"href":"https:\/\/maristacostarica.org\/home\/wp-json\/wp\/v2\/posts\/7102\/revisions"}],"predecessor-version":[{"id":7135,"href":"https:\/\/maristacostarica.org\/home\/wp-json\/wp\/v2\/posts\/7102\/revisions\/7135"}],"wp:featuredmedia":[{"embeddable":true,"href":"https:\/\/maristacostarica.org\/home\/wp-json\/wp\/v2\/media\/7109"}],"wp:attachment":[{"href":"https:\/\/maristacostarica.org\/home\/wp-json\/wp\/v2\/media?parent=7102"}],"wp:term":[{"taxonomy":"category","embeddable":true,"href":"https:\/\/maristacostarica.org\/home\/wp-json\/wp\/v2\/categories?post=7102"},{"taxonomy":"post_tag","embeddable":true,"href":"https:\/\/maristacostarica.org\/home\/wp-json\/wp\/v2\/tags?post=7102"}],"curies":[{"name":"wp","href":"https:\/\/api.w.org\/{rel}","templated":true}]}}